{"id":3081,"date":"2021-05-11T11:59:01","date_gmt":"2021-05-11T15:59:01","guid":{"rendered":"https:\/\/medilean.cl\/blog\/?p=3081"},"modified":"2021-05-11T11:59:01","modified_gmt":"2021-05-11T15:59:01","slug":"sentis-elvenir-reportaje-en-tv-declaracion","status":"publish","type":"post","link":"https:\/\/medilean.cl\/blog\/sentis-elvenir-reportaje-en-tv-declaracion\/","title":{"rendered":"Sentis\/Elvenir reportaje en TV: declaraci\u00f3n"},"content":{"rendered":"<div class=\"post-content\">\n<p>El Domingo 22\/10\/17\u00a0 se emiti\u00f3 un reportaje llamado \u00ab<strong>MERCADO NEGRO DE PASTILLAS PARA ADELGAZAR<\/strong>\u00bb y\u00a0 haciendo referencia\u00a0 de Fentermina; Sentis, Elvenir, y Obexol. Nuestra consulta MEDILEAN es mencionada en dicho reportaje y haciendo referencia directa a mi:\u00a0 Cristian Romero.\u00a0 Si no has visto el reportaje lo puedes ver <a href=\"http:\/\/www.ahoranoticias.cl\/programas\/reportajes\/208201-ahora-reportajes-mercado-negro-de-recetas-para-adelgazar.html\" target=\"_blank\" rel=\"noopener\">AQU\u00cd.<\/a><\/p>\n<p>As\u00ed que aqu\u00ed expreso mi r\u00e9plica:<\/p>\n<p>Debo decir que acced\u00ed\u00a0 a dar una entrevista en mi centro, ya que en<strong> nuestro centro se realiza un trabajo serio y responsable<\/strong>. d\u00ed una entrevista de aproximadamente 30 minutos explicando mi trabajo.<\/p>\n<p>en mi primera aparici\u00f3n\u00a0 1:38 se puede interpretar que\u00a0 \u00absoluci\u00f3n definitiva\u00bb que doy a mi pacientes es el uso de Fentermina: Sentis, Elvenir, Obexol. Esto no es as\u00ed, mis pacientes\u00a0 reciben una <strong>educaci\u00f3n nutricional extensa<\/strong>, que les permite <strong>corregir sus h\u00e1bitos\u00a0 alimenticios a largo plazo<\/strong>, poder dejar atr\u00e1s la ansiedad por comer, los atracones nocturnos, la adicci\u00f3n a los dulces,\u00a0 <strong>sin depender de estos medicamentos a largo plazo<\/strong>\u00a0 para ese objetivo.<\/p>\n<p>En cuanto a la parte en que entrevista a nuestra secretaria, debo decir tal como explique a la periodista,\u00a0 al momento de dicha visita, esta\u00a0 llevaba trabajando unas 3 semanas aproximadamente y en proceso de capacitaci\u00f3n.\u00a0 Respecto al valor de la consulta que varia si es para uno o dos meses, no se menciona\u00a0 que el paciente que cancela la atenci\u00f3n bimensual\u00a0 recibe <strong>soporte online 24-7<\/strong>, directamente conmigo,\u00a0 se realiza un control mensual en linea, sin que deba acudir a la consulta nuevamente. este valor es\u00a0 independiente de si se utiliza o no Fentermina.\u00a0 No se menciona adem\u00e1s que si el paciente tiene dudas puede pasar, atenderse y cancelar posteriormente la atenci\u00f3n.<\/p>\n<p>Respecto a la prescripci\u00f3n de Fentermina al paciente mencionado,\u00a0\u00a0al paciente se le realizo una ficha cl\u00ednica,\u00a0 \u00a0se le indic\u00f3 dicho f\u00e1rmaco en el contexto de su problem\u00e1tica expresada, y su anamnesis no revelo hallazgos que alertaran de un posible riesgo en su salud mayor por el uso del medicamento.<\/p>\n<p>Si bien <strong>mi objetivo es que el paciente mantenga su peso sin f\u00e1rmacos, pero\u00a0\u00a0\u00a0las principales b\u00fasquedas en Google de gente que\u00a0 busca adelgazar son espec\u00edficamente por Sentis, Elvenir y Obexol ( Fentermina)<\/strong>, nombr\u00e1ndolos para aumentar la posibilidad de Click en nuestro sitio. La\u00a0 publicidad nombrando\u00a0 Sentis, Elvenir y Obexol ( Fentermina), se ajusta a la normativa legal vigente en Chile,.<\/p>\n<p>Respecto a cuando pregunto al paciente que medicamento prefiere, esto es<strong> despu\u00e9s de haber que se utilizar\u00e1 Fentermina en el tratamiento<\/strong>. la receta cheque no permite la venta de otro f\u00e1rmaco que no sea el mismo nombre comercial recetado, con el correspondiente c\u00f3digo.\u00a0 \u00a0Sentis, Elvenir u Obexol, son la misma sustancia (Fentermina)\u00a0 as\u00ed que no teniendo intereses con\u00a0 ning\u00fan laboratorio no induzco hacia el uso de ninguna marca en especifica,\u00a0 <strong>le doy\u00a0 la libertad al paciente\u00a0 de que elija<\/strong> el nombre comercial que prefiera.<\/p>\n<p>Entiendo la limitaci\u00f3n de tiempo en la televisi\u00f3n, <strong>se omitieron muchas partes en mi entrevista que duro mas de media hora aproximadamente<\/strong>. Entre estos, el problema del sobrepeso y ansiedad por comer en Chile, y mi visi\u00f3n particular del problema,\u00a0 que\u00a0 mis recetas son llenadas personalmente por mi a pacientes que he visto personalmente y\u00a0 que se llevo un registro en fichas cl\u00ednicas para evitar su mal uso, los pacientes a los que no se les receta Fentermina, todo lo correspondiente al\u00a0 uso correcto y sin riesgo de medicamentos ,\u00a0 dentro de la \u00e9tica m\u00e9dica y la normativa legal.\u00a0\u00a0<strong>No realizo nuevos ex\u00e1menes<\/strong> <strong>\u00a0que no van a\u00a0 cambiar mi conducta terap\u00e9utica<\/strong> ,\u00a0 que mis pacientes reciben seguimiento,\u00a0 entre otros.<\/p>\n<p>En cuanto a la\u00a0 pregunta \u00bb T\u00fa consideras que esta todo bien, y no estas haciendo nada al borde de la \u00e9tica con tus pacientes \u00bb se me resumi\u00f3 a un\u00a0 \u00abtodo lo contrario\u00bb cuando la respuesta extensa fue bastante mas extensa e inclu\u00eda algunos de los siguientes:<\/p>\n<p>\u00abTodo lo contrario, ac\u00e1 buscamos dar soluci\u00f3n definitiva, <strong>buscamos generar un cambio, ense\u00f1ando a comer y a vencer el verdadero problema de los pacientes; el hambre y la ansiedad por comer<\/strong>. <strong>La Fentermina, es a mi parecer,\u00a0 la m\u00e1s efectiva y segura herramienta farmacol\u00f3gica con la que se cuenta en este momento.<\/strong>\u00a0con menor riesgo de adicci\u00f3n,\u00a0 dependencia y bien indicada\u00a0 no deber\u00edan presentarse complicaciones.\u00a0 La literatura\u00a0 recomienda evitar el uso los preparados magistrales como los\u00a0 que se utilizaban antes; c\u00f3cteles de\u00a0 antidepresivos, antiepil\u00e9pticos, B2 agonistas, diur\u00e9ticos y dem\u00e1s, c\u00f3cteles que a mi parecer implicaban mas riesgos adem\u00e1s de su cuestionable efectividad.<\/p>\n<p>\u00bfvamos a prohibir la Fentermina para recetar nuevamente Dietilpropion? que tiene un riesgo de complicaciones y adicci\u00f3n mucho mayor?.\u00a0 La Liraglutida podr\u00eda\u00a0 producir complicaciones realmente graves como hipoglicemias, con las consecuentes secuelas , ademas de su asociaci\u00f3n con algunos tipos de C\u00e1ncer.<\/p>\n<p>Por supuesto que\u00a0 El pilar del tratamiento es la correcci\u00f3n del h\u00e1bito alimenticio, pero primero debes lidiar con la adicci\u00f3n a la comida que padece el paciente, su correcci\u00f3n de h\u00e1bitos, atracones nocturnos y dem\u00e1s, <strong>el negar que la gente necesita ayuda si me parece poco \u00e9tico y tampoco me parece \u00e9tico el tener a un paciente frustrado en proceso de \u00abengorde\u00bb y decirle que vuelva cuando tenga una obesidad franca<\/strong>, y ah\u00ed si lo vamos a ayudar,\u00a0 cuando tenga un riesgo cardiovascular mayor, y sea m\u00e1s peligroso el uso de f\u00e1rmacos como la Fentermina, ah\u00ed si.<strong> Medicina tambi\u00e9n es prevenir.<\/strong><\/p>\n<p>Evidentemente recetando Fentermina ya sea Sentis, Elvenir y Obexol o bien Dietilpropion . a un paciente con contraindicaciones lo puedes matar, para eso el que se utilice\u00a0 receta cheques para la prescripci\u00f3n del medicamento,\u00a0 <strong>es una manera efectiva de prevenir su uso en pacientes que puedan presentar complicaciones\u00a0<\/strong> ,\u00a0 ya que obliga a el paciente a ser evaluado si o si por un medico capacitado.<\/p>\n<h4><strong>Dr. Cristian Romero Cuevas<br \/>\n<\/strong><strong>m\u00e9dico cirujano<br \/>\n<\/strong><strong>WWW.MEDILEAN.CL<\/strong><\/h4>\n<\/div>\n","protected":false},"excerpt":{"rendered":"<p>El Domingo 22\/10\/17\u00a0 se emiti\u00f3 un reportaje llamado \u00abMERCADO NEGRO DE PASTILLAS PARA ADELGAZAR\u00bb y\u00a0 haciendo referencia\u00a0 de Fentermina; Sentis, Elvenir, y Obexol. Nuestra consulta MEDILEAN es mencionada en dicho reportaje y haciendo referencia directa a mi:\u00a0 Cristian Romero.\u00a0 Si no has visto el reportaje lo puedes ver AQU\u00cd. As\u00ed que aqu\u00ed expreso mi r\u00e9plica: [&hellip;]<\/p>\n","protected":false},"author":1,"featured_media":3083,"comment_status":"open","ping_status":"open","sticky":false,"template":"","format":"standard","meta":{"footnotes":""},"categories":[52],"tags":[92,57,59,60,93,66,72],"class_list":["post-3081","post","type-post","status-publish","format-standard","has-post-thumbnail","hentry","category-noticias","tag-ahoranoticias","tag-elvenir","tag-fentermina","tag-finapet","tag-mega","tag-obexol","tag-sentis"],"featured_image_src":{"landsacpe":["https:\/\/medilean.cl\/blog\/wp-content\/uploads\/2021\/05\/Sentis-Elvenir-reportaje-en-TV-declaracion-1140x445.jpg",1140,445,true],"list":["https:\/\/medilean.cl\/blog\/wp-content\/uploads\/2021\/05\/Sentis-Elvenir-reportaje-en-TV-declaracion-463x348.jpg",463,348,true],"medium":["https:\/\/medilean.cl\/blog\/wp-content\/uploads\/2021\/05\/Sentis-Elvenir-reportaje-en-TV-declaracion-300x200.jpg",300,200,true],"full":["https:\/\/medilean.cl\/blog\/wp-content\/uploads\/2021\/05\/Sentis-Elvenir-reportaje-en-TV-declaracion.jpg",1470,980,false]},"_links":{"self":[{"href":"https:\/\/medilean.cl\/blog\/wp-json\/wp\/v2\/posts\/3081","targetHints":{"allow":["GET"]}}],"collection":[{"href":"https:\/\/medilean.cl\/blog\/wp-json\/wp\/v2\/posts"}],"about":[{"href":"https:\/\/medilean.cl\/blog\/wp-json\/wp\/v2\/types\/post"}],"author":[{"embeddable":true,"href":"https:\/\/medilean.cl\/blog\/wp-json\/wp\/v2\/users\/1"}],"replies":[{"embeddable":true,"href":"https:\/\/medilean.cl\/blog\/wp-json\/wp\/v2\/comments?post=3081"}],"version-history":[{"count":1,"href":"https:\/\/medilean.cl\/blog\/wp-json\/wp\/v2\/posts\/3081\/revisions"}],"predecessor-version":[{"id":3084,"href":"https:\/\/medilean.cl\/blog\/wp-json\/wp\/v2\/posts\/3081\/revisions\/3084"}],"wp:featuredmedia":[{"embeddable":true,"href":"https:\/\/medilean.cl\/blog\/wp-json\/wp\/v2\/media\/3083"}],"wp:attachment":[{"href":"https:\/\/medilean.cl\/blog\/wp-json\/wp\/v2\/media?parent=3081"}],"wp:term":[{"taxonomy":"category","embeddable":true,"href":"https:\/\/medilean.cl\/blog\/wp-json\/wp\/v2\/categories?post=3081"},{"taxonomy":"post_tag","embeddable":true,"href":"https:\/\/medilean.cl\/blog\/wp-json\/wp\/v2\/tags?post=3081"}],"curies":[{"name":"wp","href":"https:\/\/api.w.org\/{rel}","templated":true}]}}